{"id":44427,"date":"2026-04-22T13:03:50","date_gmt":"2026-04-22T13:03:50","guid":{"rendered":"https:\/\/tica.nl\/restriction-temporaire-de-levacuation-des-cartons-chez-tica-venlo\/"},"modified":"2026-04-22T13:04:30","modified_gmt":"2026-04-22T13:04:30","slug":"restriction-temporaire-de-levacuation-des-cartons-chez-tica-venlo","status":"publish","type":"post","link":"https:\/\/tica.nl\/fr\/restriction-temporaire-de-levacuation-des-cartons-chez-tica-venlo\/","title":{"rendered":"Restriction temporaire de l\u2019\u00e9vacuation des cartons chez TICA Venlo"},"content":{"rendered":"\n<p>En raison d\u2019un incendie chez notre entreprise de traitement des d\u00e9chets, nous pouvons temporairement \u00e9vacuer moins de cartons chez TICA Venlo. Par cons\u00e9quent, veuillez laisser les bo\u00eetes en carton r\u00e9utilisables dans la zone des caisses ou emportez-les avec vous, si possible. <\/p>\n\n<p>Pour le moment, la dur\u00e9e d\u2019indisponibilit\u00e9 de notre partenaire de traitement des d\u00e9chets n\u2019est pas encore connue ; nous recherchons entre-temps des alternatives.<\/p>\n\n<p>Nous appr\u00e9cions votre coop\u00e9ration et votre compr\u00e9hension.<\/p>\n\n<p><\/p>\n","protected":false},"excerpt":{"rendered":"<p>En raison d\u2019un incendie chez notre entreprise de traitement des d\u00e9chets, nous pouvons temporairement \u00e9vacuer moins de cartons chez TICA Venlo. Par cons\u00e9quent, veuillez laisser les bo\u00eetes en carton r\u00e9utilisables dans la zone des caisses ou emportez-les avec vous, si possible. Pour le moment, la dur\u00e9e d\u2019indisponibilit\u00e9 de notre partenaire de traitement des d\u00e9chets n\u2019est [&hellip;]<\/p>\n","protected":false},"author":16,"featured_media":0,"comment_status":"open","ping_status":"open","sticky":false,"template":"","format":"standard","meta":{"_acf_changed":false,"footnotes":""},"categories":[114],"tags":[],"assortiment-category":[],"inspireren-cat":[],"class_list":["post-44427","post","type-post","status-publish","format-standard","hentry","category-actualites-des-exposants"],"acf":[],"_links":{"self":[{"href":"https:\/\/tica.nl\/fr\/wp-json\/wp\/v2\/posts\/44427","targetHints":{"allow":["GET"]}}],"collection":[{"href":"https:\/\/tica.nl\/fr\/wp-json\/wp\/v2\/posts"}],"about":[{"href":"https:\/\/tica.nl\/fr\/wp-json\/wp\/v2\/types\/post"}],"author":[{"embeddable":true,"href":"https:\/\/tica.nl\/fr\/wp-json\/wp\/v2\/users\/16"}],"replies":[{"embeddable":true,"href":"https:\/\/tica.nl\/fr\/wp-json\/wp\/v2\/comments?post=44427"}],"version-history":[{"count":1,"href":"https:\/\/tica.nl\/fr\/wp-json\/wp\/v2\/posts\/44427\/revisions"}],"predecessor-version":[{"id":44430,"href":"https:\/\/tica.nl\/fr\/wp-json\/wp\/v2\/posts\/44427\/revisions\/44430"}],"wp:attachment":[{"href":"https:\/\/tica.nl\/fr\/wp-json\/wp\/v2\/media?parent=44427"}],"wp:term":[{"taxonomy":"category","embeddable":true,"href":"https:\/\/tica.nl\/fr\/wp-json\/wp\/v2\/categories?post=44427"},{"taxonomy":"post_tag","embeddable":true,"href":"https:\/\/tica.nl\/fr\/wp-json\/wp\/v2\/tags?post=44427"},{"taxonomy":"assortiment-category","embeddable":true,"href":"https:\/\/tica.nl\/fr\/wp-json\/wp\/v2\/assortiment-category?post=44427"},{"taxonomy":"inspireren-cat","embeddable":true,"href":"https:\/\/tica.nl\/fr\/wp-json\/wp\/v2\/inspireren-cat?post=44427"}],"curies":[{"name":"wp","href":"https:\/\/api.w.org\/{rel}","templated":true}]}}