{"id":44014,"date":"2026-04-20T12:02:07","date_gmt":"2026-04-20T12:02:07","guid":{"rendered":"https:\/\/tica.nl\/modification-des-horaires-douverture-le-samedi-chez-tica-ede\/"},"modified":"2026-04-20T12:02:53","modified_gmt":"2026-04-20T12:02:53","slug":"modification-des-horaires-douverture-le-samedi-chez-tica-ede","status":"publish","type":"post","link":"https:\/\/tica.nl\/fr\/modification-des-horaires-douverture-le-samedi-chez-tica-ede\/","title":{"rendered":"Modification des horaires d\u2019ouverture le samedi chez TICA Ede"},"content":{"rendered":"\n<p>Les horaires d\u2019ouverture du samedi chez TICA Ede ont \u00e9t\u00e9 adapt\u00e9s. \u00c0 partir du 10 avril, vous pourrez nous rendre visite les samedis entre 08h30 et 15h00. Auparavant, nous \u00e9tions ouverts de 07h00 \u00e0 13h00. Ce changement r\u00e9pond aux habitudes de visite de nos membres TICA, qui effectuent de plus en plus souvent leurs achats plus tard dans la matin\u00e9e.   <br\/><br\/>Vous trouverez tous les horaires d\u2019ouverture actuels, y compris les jours f\u00e9ri\u00e9s, sur <a href=\"https:\/\/tica.nl\/openingstijden\/?_gl=1*1gfbwwd*_up*MQ..*_gs*MQ..&amp;gclid=EAIaIQobChMIsLTfzMHMkgMV3tBEBx3A8SSHEAAYASAAEgKQWPD_BwE\">TICA.nl<\/a>.<\/p>\n\n<p>Vous avez des questions ? Veuillez contacter Natascha van Zoeren ou Jessica van Driesten. <\/p>\n\n<p><\/p>\n","protected":false},"excerpt":{"rendered":"<p>Les horaires d\u2019ouverture du samedi chez TICA Ede ont \u00e9t\u00e9 adapt\u00e9s. \u00c0 partir du 10 avril, vous pourrez nous rendre visite les samedis entre 08h30 et 15h00. Auparavant, nous \u00e9tions ouverts de 07h00 \u00e0 13h00. Ce changement r\u00e9pond aux habitudes de visite de nos membres TICA, qui effectuent de plus en plus souvent leurs achats [&hellip;]<\/p>\n","protected":false},"author":17,"featured_media":0,"comment_status":"open","ping_status":"open","sticky":false,"template":"","format":"standard","meta":{"_acf_changed":false,"footnotes":""},"categories":[114],"tags":[],"assortiment-category":[],"inspireren-cat":[],"class_list":["post-44014","post","type-post","status-publish","format-standard","hentry","category-actualites-des-exposants"],"acf":[],"_links":{"self":[{"href":"https:\/\/tica.nl\/fr\/wp-json\/wp\/v2\/posts\/44014","targetHints":{"allow":["GET"]}}],"collection":[{"href":"https:\/\/tica.nl\/fr\/wp-json\/wp\/v2\/posts"}],"about":[{"href":"https:\/\/tica.nl\/fr\/wp-json\/wp\/v2\/types\/post"}],"author":[{"embeddable":true,"href":"https:\/\/tica.nl\/fr\/wp-json\/wp\/v2\/users\/17"}],"replies":[{"embeddable":true,"href":"https:\/\/tica.nl\/fr\/wp-json\/wp\/v2\/comments?post=44014"}],"version-history":[{"count":1,"href":"https:\/\/tica.nl\/fr\/wp-json\/wp\/v2\/posts\/44014\/revisions"}],"predecessor-version":[{"id":44017,"href":"https:\/\/tica.nl\/fr\/wp-json\/wp\/v2\/posts\/44014\/revisions\/44017"}],"wp:attachment":[{"href":"https:\/\/tica.nl\/fr\/wp-json\/wp\/v2\/media?parent=44014"}],"wp:term":[{"taxonomy":"category","embeddable":true,"href":"https:\/\/tica.nl\/fr\/wp-json\/wp\/v2\/categories?post=44014"},{"taxonomy":"post_tag","embeddable":true,"href":"https:\/\/tica.nl\/fr\/wp-json\/wp\/v2\/tags?post=44014"},{"taxonomy":"assortiment-category","embeddable":true,"href":"https:\/\/tica.nl\/fr\/wp-json\/wp\/v2\/assortiment-category?post=44014"},{"taxonomy":"inspireren-cat","embeddable":true,"href":"https:\/\/tica.nl\/fr\/wp-json\/wp\/v2\/inspireren-cat?post=44014"}],"curies":[{"name":"wp","href":"https:\/\/api.w.org\/{rel}","templated":true}]}}