{"id":43849,"date":"2026-04-16T07:47:17","date_gmt":"2026-04-16T07:47:17","guid":{"rendered":"https:\/\/tica.nl\/politique-en-matiere-de-tabagisme-chez-tica-venlo\/"},"modified":"2026-04-22T11:24:17","modified_gmt":"2026-04-22T11:24:17","slug":"politique-en-matiere-de-tabagisme-chez-tica-venlo","status":"publish","type":"post","link":"https:\/\/tica.nl\/fr\/politique-en-matiere-de-tabagisme-chez-tica-venlo\/","title":{"rendered":"Politique en mati\u00e8re de tabagisme chez TICA Venlo"},"content":{"rendered":"\n<p>Chers tous,<\/p>\n\n<p>Nous avons remarqu\u00e9 ces derniers temps que l\u2019on fume r\u00e9guli\u00e8rement \u00e0 l\u2019entr\u00e9e et \u00e0 la sortie de TICA Venlo. Nous souhaitons vous informer aimablement que cela n\u2019est pas autoris\u00e9. <\/p>\n\n<p>Il est exclusivement permis de fumer dans la zone fumeurs d\u00e9sign\u00e9e \u00e0 l\u2019arri\u00e8re, \u00e0 l\u2019ext\u00e9rieur pr\u00e8s de l\u2019entrep\u00f4t. Cela nous aide \u00e0 maintenir l\u2019entr\u00e9e propre, s\u00fbre et repr\u00e9sentative pour nos d\u00e9tenteurs de pass et nos visiteurs. <\/p>\n\n<p>Nous comptons sur votre compr\u00e9hension et votre coop\u00e9ration. Merci d\u2019avance ! <\/p>\n\n<p><\/p>\n","protected":false},"excerpt":{"rendered":"<p>Chers tous, Nous avons remarqu\u00e9 ces derniers temps que l\u2019on fume r\u00e9guli\u00e8rement \u00e0 l\u2019entr\u00e9e et \u00e0 la sortie de TICA Venlo. Nous souhaitons vous informer aimablement que cela n\u2019est pas autoris\u00e9. Il est exclusivement permis de fumer dans la zone fumeurs d\u00e9sign\u00e9e \u00e0 l\u2019arri\u00e8re, \u00e0 l\u2019ext\u00e9rieur pr\u00e8s de l\u2019entrep\u00f4t. Cela nous aide \u00e0 maintenir l\u2019entr\u00e9e [&hellip;]<\/p>\n","protected":false},"author":18,"featured_media":0,"comment_status":"closed","ping_status":"closed","sticky":false,"template":"","format":"standard","meta":{"_acf_changed":false,"footnotes":""},"categories":[114],"tags":[],"assortiment-category":[],"inspireren-cat":[],"class_list":["post-43849","post","type-post","status-publish","format-standard","hentry","category-actualites-des-exposants"],"acf":[],"_links":{"self":[{"href":"https:\/\/tica.nl\/fr\/wp-json\/wp\/v2\/posts\/43849","targetHints":{"allow":["GET"]}}],"collection":[{"href":"https:\/\/tica.nl\/fr\/wp-json\/wp\/v2\/posts"}],"about":[{"href":"https:\/\/tica.nl\/fr\/wp-json\/wp\/v2\/types\/post"}],"author":[{"embeddable":true,"href":"https:\/\/tica.nl\/fr\/wp-json\/wp\/v2\/users\/18"}],"replies":[{"embeddable":true,"href":"https:\/\/tica.nl\/fr\/wp-json\/wp\/v2\/comments?post=43849"}],"version-history":[{"count":1,"href":"https:\/\/tica.nl\/fr\/wp-json\/wp\/v2\/posts\/43849\/revisions"}],"predecessor-version":[{"id":43852,"href":"https:\/\/tica.nl\/fr\/wp-json\/wp\/v2\/posts\/43849\/revisions\/43852"}],"wp:attachment":[{"href":"https:\/\/tica.nl\/fr\/wp-json\/wp\/v2\/media?parent=43849"}],"wp:term":[{"taxonomy":"category","embeddable":true,"href":"https:\/\/tica.nl\/fr\/wp-json\/wp\/v2\/categories?post=43849"},{"taxonomy":"post_tag","embeddable":true,"href":"https:\/\/tica.nl\/fr\/wp-json\/wp\/v2\/tags?post=43849"},{"taxonomy":"assortiment-category","embeddable":true,"href":"https:\/\/tica.nl\/fr\/wp-json\/wp\/v2\/assortiment-category?post=43849"},{"taxonomy":"inspireren-cat","embeddable":true,"href":"https:\/\/tica.nl\/fr\/wp-json\/wp\/v2\/inspireren-cat?post=43849"}],"curies":[{"name":"wp","href":"https:\/\/api.w.org\/{rel}","templated":true}]}}