{"id":44010,"date":"2026-04-20T12:02:07","date_gmt":"2026-04-20T12:02:07","guid":{"rendered":"https:\/\/tica.nl\/geaenderte-oeffnungszeiten-am-samstag-bei-tica-ede\/"},"modified":"2026-04-20T12:02:53","modified_gmt":"2026-04-20T12:02:53","slug":"geaenderte-oeffnungszeiten-am-samstag-bei-tica-ede","status":"publish","type":"post","link":"https:\/\/tica.nl\/de\/geaenderte-oeffnungszeiten-am-samstag-bei-tica-ede\/","title":{"rendered":"Ge\u00e4nderte \u00d6ffnungszeiten am Samstag bei TICA Ede"},"content":{"rendered":"\n<p>Die Samstags\u00f6ffnungszeiten bei TICA Ede wurden angepasst. Ab dem 10. April k\u00f6nnen Sie samstags zwischen 08:30 und 15:00 Uhr zu uns kommen. Zuvor waren wir von 07:00 bis 13:00 Uhr ge\u00f6ffnet. Diese \u00c4nderung entspricht dem Besucherverhalten unserer TICA-Member, die ihre Eink\u00e4ufe immer h\u00e4ufiger erst sp\u00e4ter am Vormittag erledigen.   <br\/><br\/>Alle aktuellen \u00d6ffnungszeiten, einschlie\u00dflich der Feiertage, finden Sie auf <a href=\"https:\/\/tica.nl\/openingstijden\/?_gl=1*1gfbwwd*_up*MQ..*_gs*MQ..&amp;gclid=EAIaIQobChMIsLTfzMHMkgMV3tBEBx3A8SSHEAAYASAAEgKQWPD_BwE\">TICA.nl<\/a>.<\/p>\n\n<p>Haben Sie Fragen? Bitte kontaktieren Sie Natascha van Zoeren oder Jessica van Driesten. <\/p>\n\n<p><\/p>\n","protected":false},"excerpt":{"rendered":"<p>Die Samstags\u00f6ffnungszeiten bei TICA Ede wurden angepasst. Ab dem 10. April k\u00f6nnen Sie samstags zwischen 08:30 und 15:00 Uhr zu uns kommen. Zuvor waren wir von 07:00 bis 13:00 Uhr ge\u00f6ffnet. Diese \u00c4nderung entspricht dem Besucherverhalten unserer TICA-Member, die ihre Eink\u00e4ufe immer h\u00e4ufiger erst sp\u00e4ter am Vormittag erledigen. Alle aktuellen \u00d6ffnungszeiten, einschlie\u00dflich der Feiertage, finden [&hellip;]<\/p>\n","protected":false},"author":17,"featured_media":0,"comment_status":"open","ping_status":"open","sticky":false,"template":"","format":"standard","meta":{"_acf_changed":false,"footnotes":""},"categories":[112],"tags":[],"assortiment-category":[],"inspireren-cat":[],"class_list":["post-44010","post","type-post","status-publish","format-standard","hentry","category-ausstellernews"],"acf":[],"_links":{"self":[{"href":"https:\/\/tica.nl\/de\/wp-json\/wp\/v2\/posts\/44010","targetHints":{"allow":["GET"]}}],"collection":[{"href":"https:\/\/tica.nl\/de\/wp-json\/wp\/v2\/posts"}],"about":[{"href":"https:\/\/tica.nl\/de\/wp-json\/wp\/v2\/types\/post"}],"author":[{"embeddable":true,"href":"https:\/\/tica.nl\/de\/wp-json\/wp\/v2\/users\/17"}],"replies":[{"embeddable":true,"href":"https:\/\/tica.nl\/de\/wp-json\/wp\/v2\/comments?post=44010"}],"version-history":[{"count":1,"href":"https:\/\/tica.nl\/de\/wp-json\/wp\/v2\/posts\/44010\/revisions"}],"predecessor-version":[{"id":44013,"href":"https:\/\/tica.nl\/de\/wp-json\/wp\/v2\/posts\/44010\/revisions\/44013"}],"wp:attachment":[{"href":"https:\/\/tica.nl\/de\/wp-json\/wp\/v2\/media?parent=44010"}],"wp:term":[{"taxonomy":"category","embeddable":true,"href":"https:\/\/tica.nl\/de\/wp-json\/wp\/v2\/categories?post=44010"},{"taxonomy":"post_tag","embeddable":true,"href":"https:\/\/tica.nl\/de\/wp-json\/wp\/v2\/tags?post=44010"},{"taxonomy":"assortiment-category","embeddable":true,"href":"https:\/\/tica.nl\/de\/wp-json\/wp\/v2\/assortiment-category?post=44010"},{"taxonomy":"inspireren-cat","embeddable":true,"href":"https:\/\/tica.nl\/de\/wp-json\/wp\/v2\/inspireren-cat?post=44010"}],"curies":[{"name":"wp","href":"https:\/\/api.w.org\/{rel}","templated":true}]}}